{"id":518,"date":"2025-12-29T14:16:50","date_gmt":"2025-12-29T14:16:50","guid":{"rendered":"https:\/\/helpdesk.wsnes.de\/?p=518"},"modified":"2026-02-06T13:24:28","modified_gmt":"2026-02-06T13:24:28","slug":"bycs-lernplattform-ehemals-mebis","status":"publish","type":"post","link":"https:\/\/helpdesk.wsnes.de\/?p=518","title":{"rendered":"ByCS Lernplattform (ehemals mebis)"},"content":{"rendered":"\n<p>ByCS Lernplattform\u00a0ist die zentrale Lernplattform der BayernCloud Schule. Sie stellt eine digitale Umgebung f\u00fcr Unterricht, Kommunikation und Materialbereitstellung bereit und basiert auf einer landesweit einheitlichen Infrastruktur f\u00fcr bayerische Schulen.<\/p>\n\n\n\n<p><strong>NEU: Ab 2026 besteht die M\u00f6glichkeit, den Sch\u00fclern im Kursbereich eine KI zur Verf\u00fcgung zu stellen.<\/strong><\/p>\n\n\n\n<figure class=\"wp-block-embed is-type-video is-provider-youtube wp-block-embed-youtube wp-embed-aspect-16-9 wp-has-aspect-ratio\"><div class=\"wp-block-embed__wrapper\">\n<iframe loading=\"lazy\" title=\"ByCS - mebis Lernplattform - eine kleine Einf\u00fchrung\" width=\"500\" height=\"281\" src=\"https:\/\/www.youtube.com\/embed\/PzGglXWaFSA?feature=oembed\" frameborder=\"0\" allow=\"accelerometer; autoplay; clipboard-write; encrypted-media; gyroscope; picture-in-picture; web-share\" referrerpolicy=\"strict-origin-when-cross-origin\" allowfullscreen><\/iframe>\n<\/div><\/figure>\n\n\n\n<p><strong>Wof\u00fcr ist sie im Unterricht n\u00fctzlich?<\/strong><\/p>\n\n\n\n<p>Die Anwendung unterst\u00fctzt die Organisation von Unterrichtsprozessen in digitalen und hybriden Settings. Sie erm\u00f6glicht eine strukturierte Bereitstellung von Lernmaterialien, die Begleitung von Lernprozessen sowie die Kommunikation zwischen Lehrkr\u00e4ften und Sch\u00fclerinnen und Sch\u00fclern. Arbeitsauftr\u00e4ge und Ergebnisse k\u00f6nnen nachvollziehbar dokumentiert werden.<\/p>\n\n\n\n<p><strong>Welche Funktionen sind schulisch relevant?<\/strong><\/p>\n\n\n\n<ul class=\"wp-block-list\">\n<li>Kursr\u00e4ume f\u00fcr Klassen, Lerngruppen und F\u00e4cher<\/li>\n\n\n\n<li>Bereitstellung von Materialien in unterschiedlichen Formaten<\/li>\n\n\n\n<li>Aufgaben mit Abgabe- und R\u00fcckmeldefunktionen<\/li>\n\n\n\n<li>Foren und Nachrichten zur unterrichtsbezogenen Kommunikation<\/li>\n\n\n\n<li>Termin- und Aktivit\u00e4ts\u00fcbersichten<\/li>\n<\/ul>\n\n\n\n<p><strong>Wie kann sie im Unterricht eingesetzt werden?<\/strong><\/p>\n\n\n\n<ul class=\"wp-block-list\">\n<li>Organisation von Unterrichtseinheiten und Wochenpl\u00e4nen<\/li>\n\n\n\n<li>Ausgabe und Einsammeln von Arbeitsauftr\u00e4gen<\/li>\n\n\n\n<li>Begleitende Nutzung im Pr\u00e4senzunterricht zur Materialverteilung<\/li>\n\n\n\n<li>Nutzung f\u00fcr Distanzunterricht oder Vertretungssituationen<\/li>\n\n\n\n<li>Dokumentation von Lernst\u00e4nden und Ergebnissen<\/li>\n<\/ul>\n\n\n\n<p><strong>Welche technischen Voraussetzungen gibt es?<\/strong><\/p>\n\n\n\n<ul class=\"wp-block-list\">\n<li>Internetzugang<\/li>\n\n\n\n<li>Aktueller Webbrowser<\/li>\n\n\n\n<li>Endger\u00e4te wie PC, Notebook oder Tablet<\/li>\n\n\n\n<li>Schulischer ByCS-Zugang<\/li>\n<\/ul>\n\n\n\n<p><strong>Wie wird sie an der Schule genutzt?<\/strong><\/p>\n\n\n\n<p>Die Nutzung ist f\u00fcr Lehrkr\u00e4fte verbindlich vorgesehen und erfolgt klassen- oder kursbezogen. Sch\u00fclerinnen und Sch\u00fcler erhalten Zugriff \u00fcber schulische Benutzerkonten. Die konkrete Ausgestaltung der Kurse und Nutzungsregeln wird schulintern festgelegt.<\/p>\n\n\n\n<p><strong>Wie ist der Datenschutz geregelt?<\/strong><\/p>\n\n\n\n<p>Die Plattform wird im Rahmen der BayernCloud Schule betrieben und erf\u00fcllt die geltenden Datenschutzvorgaben. Der Zugriff ist nur mit personalisierten schulischen Konten m\u00f6glich. Inhalte sind ausschlie\u00dflich f\u00fcr schulische Zwecke bestimmt und werden nicht zu kommerziellen Zwecken verarbeitet.<\/p>\n\n\n\n<div class=\"wp-block-group has-ast-global-color-5-background-color has-background is-layout-constrained wp-block-group-is-layout-constrained\">\n<p><strong>Wer ist zust\u00e4ndig und worauf ist zu achten?<\/strong><\/p>\n\n\n\n<p><strong>Ansprechperson<\/strong>: Stephan Holze<\/p>\n\n\n\n<p><strong>Anmeldung<\/strong>: Lehrer werden von Stephan Holze angelegt. Sollten bereits Zugangsdaten bei einer vorherigen Schule vorhanden sein, ist eine Migration m\u00f6glich, so dass alte Daten erhalten bleiben. Sch\u00fcler werden im Klassenverband ebenfalls von Stephan Holze eingepflegt. Auch hier ist eine Migration m\u00f6glich.<\/p>\n\n\n\n<p><strong>Abmeldung<\/strong>: Automatisch bei Austritt aus der Schule durch Stephan Holze<\/p>\n\n\n\n<p><strong>Weitere Hinweise<\/strong>: Kurse sind regelm\u00e4\u00dfig zu pflegen und nicht mehr ben\u00f6tigte Inhalte zu entfernen<\/p>\n<\/div>\n\n\n<div class=\"wp-block-feedbackwp-rating-widget\">\n    <!-- FeedbackWP Plugin --><div  class=\"rmp-widgets-container rmp-wp-plugin rmp-main-container js-rmp-widgets-container js-rmp-widgets-container--518 \"  data-post-id=\"518\">    <!-- Rating widget -->  <div class=\"rmp-rating-widget js-rmp-rating-widget\">          <p class=\"rmp-heading rmp-heading--title\">        Wie hilfreich war dieser Beitrag?      <\/p>              <p class=\"rmp-heading rmp-heading--subtitle\">        Klicke auf die Sterne um zu bewerten!      <\/p>        <div class=\"rmp-rating-widget__icons\">      <ul class=\"rmp-rating-widget__icons-list js-rmp-rating-icons-list\">                  <li class=\"rmp-rating-widget__icons-list__icon js-rmp-rating-item\" data-descriptive-rating=\"\u00dcberhaupt nicht hilfreich\" data-value=\"1\">              <i class=\"js-rmp-rating-icon rmp-icon rmp-icon--ratings rmp-icon--star \"><\/i>          <\/li>                  <li class=\"rmp-rating-widget__icons-list__icon js-rmp-rating-item\" data-descriptive-rating=\"Etwas hilfreich\" data-value=\"2\">              <i class=\"js-rmp-rating-icon rmp-icon rmp-icon--ratings rmp-icon--star \"><\/i>          <\/li>                  <li class=\"rmp-rating-widget__icons-list__icon js-rmp-rating-item\" data-descriptive-rating=\"Hilfreich\" data-value=\"3\">              <i class=\"js-rmp-rating-icon rmp-icon rmp-icon--ratings rmp-icon--star \"><\/i>          <\/li>                  <li class=\"rmp-rating-widget__icons-list__icon js-rmp-rating-item\" data-descriptive-rating=\"Ziemlich hilfreich\" data-value=\"4\">              <i class=\"js-rmp-rating-icon rmp-icon rmp-icon--ratings rmp-icon--star \"><\/i>          <\/li>                  <li class=\"rmp-rating-widget__icons-list__icon js-rmp-rating-item\" data-descriptive-rating=\"Sehr hilfreich\" data-value=\"5\">              <i class=\"js-rmp-rating-icon rmp-icon rmp-icon--ratings rmp-icon--star \"><\/i>          <\/li>              <\/ul>    <\/div>    <p class=\"rmp-rating-widget__hover-text js-rmp-hover-text\"><\/p>        <button class=\"rmp-rating-widget__submit-btn rmp-btn js-submit-rating-btn\">      Bewertung Abschicken    <\/button>    <p class=\"rmp-rating-widget__results js-rmp-results rmp-rating-widget__results--hidden\">      Durchschnittliche Bewertung <span class=\"rmp-rating-widget__results__rating js-rmp-avg-rating\">0<\/span> \/ 5. Anzahl Bewertungen: <span class=\"rmp-rating-widget__results__votes js-rmp-vote-count\">0<\/span>    <\/p>    <p class=\"rmp-rating-widget__not-rated js-rmp-not-rated \">      Bisher keine Bewertungen! Sei der Erste, der diesen Beitrag bewertet.    <\/p>    <p class=\"rmp-rating-widget__msg js-rmp-msg\"><\/p>  <\/div>  <!--Structured data -->        <\/div><\/div>\n\n<div class=\"wp-block-feedbackwp-rating-result-widget\">\n    <!-- FeedbackWP Plugin - Results Widget --><div  class=\"rmp-results-widget js-rmp-results-widget js-rmp-results-widget--518 rmp-results-widget--not-rated\"  data-post-id=\"518\">  <div class=\"rmp-results-widget__visual-rating\">    <i class=\"js-rmp-results-icon rmp-icon rmp-icon--ratings rmp-icon--star \"><\/i><i class=\"js-rmp-results-icon rmp-icon rmp-icon--ratings rmp-icon--star \"><\/i><i class=\"js-rmp-results-icon rmp-icon rmp-icon--ratings rmp-icon--star \"><\/i><i class=\"js-rmp-results-icon rmp-icon rmp-icon--ratings rmp-icon--star \"><\/i><i class=\"js-rmp-results-icon rmp-icon rmp-icon--ratings rmp-icon--star \"><\/i>  <\/div>  <div class=\"rmp-results-widget__avg-rating\">    <span class=\"js-rmp-avg-rating\">      0    <\/span>  <\/div>  <div class=\"rmp-results-widget__vote-count\">    (<span class=\"js-rmp-vote-count\">0<\/span>)  <\/div><\/div><\/div>\n","protected":false},"excerpt":{"rendered":"<p>ByCS Lernplattform ist die zentrale Lernplattform der BayernCloud Schule. Sie stellt eine digitale Umgebung f\u00fcr Unterricht, Kommunikation und Materialbereitstellung bereit und basiert auf einer landesweit einheitlichen Infrastruktur f\u00fcr bayerische Schulen.<\/p>\n","protected":false},"author":5,"featured_media":498,"comment_status":"open","ping_status":"closed","sticky":false,"template":"","format":"standard","meta":{"site-sidebar-layout":"default","site-content-layout":"","ast-site-content-layout":"default","site-content-style":"default","site-sidebar-style":"default","ast-global-header-display":"","ast-banner-title-visibility":"","ast-main-header-display":"","ast-hfb-above-header-display":"","ast-hfb-below-header-display":"","ast-hfb-mobile-header-display":"","site-post-title":"","ast-breadcrumbs-content":"","ast-featured-img":"","footer-sml-layout":"","ast-disable-related-posts":"","theme-transparent-header-meta":"","adv-header-id-meta":"","stick-header-meta":"","header-above-stick-meta":"","header-main-stick-meta":"","header-below-stick-meta":"","astra-migrate-meta-layouts":"default","ast-page-background-enabled":"default","ast-page-background-meta":{"desktop":{"background-color":"var(--ast-global-color-5)","background-image":"","background-repeat":"repeat","background-position":"center center","background-size":"auto","background-attachment":"scroll","background-type":"","background-media":"","overlay-type":"","overlay-color":"","overlay-opacity":"","overlay-gradient":""},"tablet":{"background-color":"","background-image":"","background-repeat":"repeat","background-position":"center center","background-size":"auto","background-attachment":"scroll","background-type":"","background-media":"","overlay-type":"","overlay-color":"","overlay-opacity":"","overlay-gradient":""},"mobile":{"background-color":"","background-image":"","background-repeat":"repeat","background-position":"center center","background-size":"auto","background-attachment":"scroll","background-type":"","background-media":"","overlay-type":"","overlay-color":"","overlay-opacity":"","overlay-gradient":""}},"ast-content-background-meta":{"desktop":{"background-color":"var(--ast-global-color-4)","background-image":"","background-repeat":"repeat","background-position":"center center","background-size":"auto","background-attachment":"scroll","background-type":"","background-media":"","overlay-type":"","overlay-color":"","overlay-opacity":"","overlay-gradient":""},"tablet":{"background-color":"var(--ast-global-color-4)","background-image":"","background-repeat":"repeat","background-position":"center center","background-size":"auto","background-attachment":"scroll","background-type":"","background-media":"","overlay-type":"","overlay-color":"","overlay-opacity":"","overlay-gradient":""},"mobile":{"background-color":"var(--ast-global-color-4)","background-image":"","background-repeat":"repeat","background-position":"center center","background-size":"auto","background-attachment":"scroll","background-type":"","background-media":"","overlay-type":"","overlay-color":"","overlay-opacity":"","overlay-gradient":""}},"footnotes":""},"categories":[47,46,45,50,51],"tags":[],"class_list":["post-518","post","type-post","status-publish","format-standard","has-post-thumbnail","hentry","category-feedback-einholen-vorwissen-und-meinungen-sichtbar-machen","category-kommunizieren-interagieren-kooperieren","category-kooperatives-und-interaktives-schreiben","category-ueben-wiederholen-vertiefen","category-unterricht-organisieren"],"_links":{"self":[{"href":"https:\/\/helpdesk.wsnes.de\/index.php?rest_route=\/wp\/v2\/posts\/518","targetHints":{"allow":["GET"]}}],"collection":[{"href":"https:\/\/helpdesk.wsnes.de\/index.php?rest_route=\/wp\/v2\/posts"}],"about":[{"href":"https:\/\/helpdesk.wsnes.de\/index.php?rest_route=\/wp\/v2\/types\/post"}],"author":[{"embeddable":true,"href":"https:\/\/helpdesk.wsnes.de\/index.php?rest_route=\/wp\/v2\/users\/5"}],"replies":[{"embeddable":true,"href":"https:\/\/helpdesk.wsnes.de\/index.php?rest_route=%2Fwp%2Fv2%2Fcomments&post=518"}],"version-history":[{"count":3,"href":"https:\/\/helpdesk.wsnes.de\/index.php?rest_route=\/wp\/v2\/posts\/518\/revisions"}],"predecessor-version":[{"id":522,"href":"https:\/\/helpdesk.wsnes.de\/index.php?rest_route=\/wp\/v2\/posts\/518\/revisions\/522"}],"wp:featuredmedia":[{"embeddable":true,"href":"https:\/\/helpdesk.wsnes.de\/index.php?rest_route=\/wp\/v2\/media\/498"}],"wp:attachment":[{"href":"https:\/\/helpdesk.wsnes.de\/index.php?rest_route=%2Fwp%2Fv2%2Fmedia&parent=518"}],"wp:term":[{"taxonomy":"category","embeddable":true,"href":"https:\/\/helpdesk.wsnes.de\/index.php?rest_route=%2Fwp%2Fv2%2Fcategories&post=518"},{"taxonomy":"post_tag","embeddable":true,"href":"https:\/\/helpdesk.wsnes.de\/index.php?rest_route=%2Fwp%2Fv2%2Ftags&post=518"}],"curies":[{"name":"wp","href":"https:\/\/api.w.org\/{rel}","templated":true}]}}